{"id":3508,"date":"2023-04-02T10:05:47","date_gmt":"2023-04-02T10:05:47","guid":{"rendered":"http:\/\/biodlarn.se\/?p=3508"},"modified":"2023-04-02T10:05:48","modified_gmt":"2023-04-02T10:05:48","slug":"varen-vantar","status":"publish","type":"post","link":"https:\/\/biodlarn.se\/?p=3508","title":{"rendered":"V\u00e5ren v\u00e4ntar"},"content":{"rendered":"\n<p>Det var ett tag sedan jag gjorde ett inl\u00e4gg helt enkelt f\u00f6r att jag inte har gjort n\u00e5got i min biodling. N\u00e4r det \u00e4r kallt s\u00e5 \u00e4r det b\u00e4ttre att l\u00e5ta bina vara ifred. Visserligen hade vi n\u00e5gra varma dagar f\u00f6r n\u00e5gra veckor sedan men jag tycker det \u00e4r f\u00f6r tidigt att \u00f6ppna upp kuporna och st\u00f6r bina. Har bina b\u00f6rjat l\u00e4gga \u00e4gg s\u00e5 riskerar man att kyla ner yngelrummet och ist\u00e4llet f\u00f6rst\u00f6ra f\u00f6r bina.<br \/>Snart kommer varmare v\u00e4der och jag kan b\u00f6rja g\u00f6ra vax mellanv\u00e4ggar och f\u00f6rbereda utrustningen.<\/p>\n\n\n\n<figure class=\"wp-block-image size-large\"><img loading=\"lazy\" decoding=\"async\" width=\"3264\" height=\"1836\" src=\"http:\/\/biodlarn.se\/wp-content\/uploads\/2023\/04\/2023-04-02-11.42.37-3264x1836.jpg\" alt=\"\" class=\"wp-image-3509\" srcset=\"https:\/\/biodlarn.se\/wp-content\/uploads\/2023\/04\/2023-04-02-11.42.37-3264x1836.jpg 3264w, https:\/\/biodlarn.se\/wp-content\/uploads\/2023\/04\/2023-04-02-11.42.37-300x169.jpg 300w, https:\/\/biodlarn.se\/wp-content\/uploads\/2023\/04\/2023-04-02-11.42.37-768x432.jpg 768w, https:\/\/biodlarn.se\/wp-content\/uploads\/2023\/04\/2023-04-02-11.42.37-1536x864.jpg 1536w, https:\/\/biodlarn.se\/wp-content\/uploads\/2023\/04\/2023-04-02-11.42.37-2048x1152.jpg 2048w\" sizes=\"auto, (max-width: 3264px) 100vw, 3264px\" \/><\/figure>\n","protected":false},"excerpt":{"rendered":"<p>Det var ett tag sedan jag gjorde ett inl\u00e4gg helt enkelt f\u00f6r att jag inte har gjort n\u00e5got i min biodling. N\u00e4r det \u00e4r kallt s\u00e5 \u00e4r det b\u00e4ttre att l\u00e5ta bina vara ifred. Visserligen hade vi n\u00e5gra varma dagar f\u00f6r n\u00e5gra veckor sedan men jag tycker det \u00e4r f\u00f6r tidigt att \u00f6ppna upp kuporna och st\u00f6r bina. Har bina b\u00f6rjat l\u00e4gga \u00e4gg s\u00e5 riskerar man att kyla ner yngelrummet och ist\u00e4llet f\u00f6rst\u00f6ra f\u00f6r bina.Snart kommer varmare v\u00e4der och jag kan b\u00f6rja g\u00f6ra vax mellanv\u00e4ggar och f\u00f6rbereda utrustningen.<\/p>\n","protected":false},"author":1,"featured_media":0,"comment_status":"closed","ping_status":"closed","sticky":false,"template":"","format":"standard","meta":{"footnotes":""},"categories":[1],"tags":[],"class_list":["post-3508","post","type-post","status-publish","format-standard","hentry","category-uncategorized"],"_links":{"self":[{"href":"https:\/\/biodlarn.se\/index.php?rest_route=\/wp\/v2\/posts\/3508","targetHints":{"allow":["GET"]}}],"collection":[{"href":"https:\/\/biodlarn.se\/index.php?rest_route=\/wp\/v2\/posts"}],"about":[{"href":"https:\/\/biodlarn.se\/index.php?rest_route=\/wp\/v2\/types\/post"}],"author":[{"embeddable":true,"href":"https:\/\/biodlarn.se\/index.php?rest_route=\/wp\/v2\/users\/1"}],"replies":[{"embeddable":true,"href":"https:\/\/biodlarn.se\/index.php?rest_route=%2Fwp%2Fv2%2Fcomments&post=3508"}],"version-history":[{"count":1,"href":"https:\/\/biodlarn.se\/index.php?rest_route=\/wp\/v2\/posts\/3508\/revisions"}],"predecessor-version":[{"id":3510,"href":"https:\/\/biodlarn.se\/index.php?rest_route=\/wp\/v2\/posts\/3508\/revisions\/3510"}],"wp:attachment":[{"href":"https:\/\/biodlarn.se\/index.php?rest_route=%2Fwp%2Fv2%2Fmedia&parent=3508"}],"wp:term":[{"taxonomy":"category","embeddable":true,"href":"https:\/\/biodlarn.se\/index.php?rest_route=%2Fwp%2Fv2%2Fcategories&post=3508"},{"taxonomy":"post_tag","embeddable":true,"href":"https:\/\/biodlarn.se\/index.php?rest_route=%2Fwp%2Fv2%2Ftags&post=3508"}],"curies":[{"name":"wp","href":"https:\/\/api.w.org\/{rel}","templated":true}]}}