{"id":1777,"date":"2018-12-16T18:36:30","date_gmt":"2018-12-16T18:36:30","guid":{"rendered":"http:\/\/biodlarn.se\/?p=1777"},"modified":"2018-12-16T18:36:30","modified_gmt":"2018-12-16T18:36:30","slug":"flytta-lite-lador","status":"publish","type":"post","link":"https:\/\/biodlarn.se\/?p=1777","title":{"rendered":"Flytta lite l\u00e5dor"},"content":{"rendered":"<p>S\u00e5 h\u00e4r \u00e5rs \u00e4r det inte s\u00e5 mycket att g\u00f6ra med biodlingen. Hade vagnen p\u00e5kopplad till bilen eftersom vi k\u00f6pt en ny b\u00e4nk och passade d\u00e5 p\u00e5 att flytta lite l\u00e5dor med ramar med nyinsatta mellanv\u00e4ggar som jag gjort med min vals maskin. P\u00e5 vintern s\u00e5 \u00f6ppnar jag inga kupor, vill inte st\u00f6ra bina och sl\u00e4ppa in kall luft. Men titta kan man g\u00f6ra. Jag flyttade l\u00e5dorna med mellan v\u00e4ggar till en annan big\u00e5rd d\u00e4r jag har tillg\u00e5ng till ett litet f\u00f6rr\u00e5d. L\u00e5dorna f\u00f6rvaras med muskydd och ventilation b\u00e5de uppe och nere s\u00e5 att ett skorstensdrag skapas, d\u00e5 klarar sig vaxet utan problem och \u00e4r redo att anv\u00e4ndas i v\u00e5r.<\/p>\n<p><code class=\"western\"><script type=\"text\/javascript\">\/* <![CDATA[ *\/ psTimeout[0]=4000;psAutoplay[0]=true;psTrans[0]='fade';psLoop[0]=true;psSpeed[0]=400;\/* ]]> *\/<\/script>\n\t\t<div id=\"slideshow-wrapper0\" class=\"slideshow-wrapper clearfix showloader\"><div id=\"slideshow-nav0\" class=\"slideshow-nav\"><a class=\"pause\" style=\"display:none\" href=\"javascript:void(0);\">Pause<\/a><a class=\"play\" href=\"javascript:void(0);\">Play<\/a><a class=\"restart\" style=\"display:none\" href=\"javascript: void(0);\">Play<\/a><a class=\"slideshow-prev\" href=\"javascript: void(0);\">Prev<\/a><span class=\"sep\">|<\/span><a class=\"slideshow-next\" href=\"javascript: void(0);\">Next<\/a><span class=\"slideshow-info0 slideshow-info\"><\/span><\/div><!-- .slideshow-nav-->\n\t<div class=\"pscarousel\"><div id=\"pager0\" class=\"pager items clearfix\"><img loading=\"lazy\" decoding=\"async\" width=\"150\" height=\"150\" src=\"https:\/\/biodlarn.se\/wp-content\/uploads\/2018\/12\/2018-12-16-11.23.49-150x150.jpg\" class=\"attachment-thumbnail size-thumbnail\" alt=\"\" \/><img loading=\"lazy\" decoding=\"async\" width=\"150\" height=\"150\" src=\"https:\/\/biodlarn.se\/wp-content\/uploads\/2018\/12\/2018-12-16-11.47.28-150x150.jpg\" class=\"attachment-thumbnail size-thumbnail\" alt=\"\" \/><img loading=\"lazy\" decoding=\"async\" width=\"150\" height=\"150\" src=\"https:\/\/biodlarn.se\/wp-content\/uploads\/2018\/12\/2018-12-16-11.57.08-1-150x150.jpg\" class=\"attachment-thumbnail size-thumbnail\" alt=\"\" \/><\/div><\/div><div id=\"portfolio-slideshow0\" class=\"portfolio-slideshow\">\n\t<div class=\"slideshow-next slideshow-content\">\n\t\t\t<a href=\"javascript: void(0);\" class=\"slideshow-next\"><img loading=\"lazy\" decoding=\"async\" class=\"psp-active\" data-img=\"https:\/\/biodlarn.se\/wp-content\/uploads\/2018\/12\/2018-12-16-11.23.49-3264x1836.jpg\" src=\"https:\/\/biodlarn.se\/wp-content\/uploads\/2018\/12\/2018-12-16-11.23.49-3264x1836.jpg\" height=\"365\" width=\"648\" alt=\"2018-12-16 11.23.49\" \/><noscript><img loading=\"lazy\" decoding=\"async\" src=\"https:\/\/biodlarn.se\/wp-content\/uploads\/2018\/12\/2018-12-16-11.23.49-3264x1836.jpg\" height=\"365\" width=\"648\" alt=\"2018-12-16 11.23.49\" \/><\/noscript><\/a><div class=\"slideshow-meta\"><\/div><\/div>\n\t\t\t<div class=\"not-first slideshow-next slideshow-content\">\n\t\t\t<a href=\"javascript: void(0);\" class=\"slideshow-next\"><img loading=\"lazy\" decoding=\"async\" class=\"psp-active\" data-img=\"https:\/\/biodlarn.se\/wp-content\/uploads\/2018\/12\/2018-12-16-11.47.28-3264x1836.jpg\" src=\"https:\/\/biodlarn.se\/wp-content\/plugins\/portfolio-slideshow\/img\/tiny.png\" height=\"365\" width=\"648\" alt=\"2018-12-16 11.47.28\" \/><noscript><img loading=\"lazy\" decoding=\"async\" src=\"https:\/\/biodlarn.se\/wp-content\/uploads\/2018\/12\/2018-12-16-11.47.28-3264x1836.jpg\" height=\"365\" width=\"648\" alt=\"2018-12-16 11.47.28\" \/><\/noscript><\/a><div class=\"slideshow-meta\"><\/div><\/div>\n\t\t\t<div class=\"not-first slideshow-next slideshow-content\">\n\t\t\t<a href=\"javascript: void(0);\" class=\"slideshow-next\"><img loading=\"lazy\" decoding=\"async\" class=\"psp-active\" data-img=\"https:\/\/biodlarn.se\/wp-content\/uploads\/2018\/12\/2018-12-16-11.57.08-1-3264x1836.jpg\" src=\"https:\/\/biodlarn.se\/wp-content\/plugins\/portfolio-slideshow\/img\/tiny.png\" height=\"365\" width=\"648\" alt=\"2018-12-16 11.57.08-1\" \/><noscript><img loading=\"lazy\" decoding=\"async\" src=\"https:\/\/biodlarn.se\/wp-content\/uploads\/2018\/12\/2018-12-16-11.57.08-1-3264x1836.jpg\" height=\"365\" width=\"648\" alt=\"2018-12-16 11.57.08-1\" \/><\/noscript><\/a><div class=\"slideshow-meta\"><\/div><\/div>\n\t\t\t<\/div><!--#portfolio-slideshow--><\/div><!--#slideshow-wrapper--><\/code><\/p>\n<p>&nbsp;<\/p>\n","protected":false},"excerpt":{"rendered":"<p>S\u00e5 h\u00e4r \u00e5rs \u00e4r det inte s\u00e5 mycket att g\u00f6ra med biodlingen. Hade vagnen p\u00e5kopplad till bilen eftersom vi k\u00f6pt en ny b\u00e4nk och passade d\u00e5 p\u00e5 att flytta lite l\u00e5dor med ramar med nyinsatta mellanv\u00e4ggar som jag gjort med min vals maskin. P\u00e5 vintern s\u00e5 \u00f6ppnar jag inga kupor, vill inte st\u00f6ra bina och sl\u00e4ppa in kall luft. Men titta kan man g\u00f6ra. Jag flyttade l\u00e5dorna med mellan v\u00e4ggar till en annan big\u00e5rd d\u00e4r jag har tillg\u00e5ng till ett litet f\u00f6rr\u00e5d. L\u00e5dorna f\u00f6rvaras med muskydd och ventilation b\u00e5de uppe och nere s\u00e5 att ett skorstensdrag skapas, d\u00e5 klarar sig vaxet utan problem och \u00e4r redo att anv\u00e4ndas i v\u00e5r. &nbsp;<\/p>\n","protected":false},"author":1,"featured_media":0,"comment_status":"open","ping_status":"open","sticky":false,"template":"","format":"standard","meta":{"footnotes":""},"categories":[1,4,14],"tags":[],"class_list":["post-1777","post","type-post","status-publish","format-standard","hentry","category-uncategorized","category-sa-har-kan-man-ocksa-gora","category-saker-vi-gor-under-lagsasongen"],"_links":{"self":[{"href":"https:\/\/biodlarn.se\/index.php?rest_route=\/wp\/v2\/posts\/1777","targetHints":{"allow":["GET"]}}],"collection":[{"href":"https:\/\/biodlarn.se\/index.php?rest_route=\/wp\/v2\/posts"}],"about":[{"href":"https:\/\/biodlarn.se\/index.php?rest_route=\/wp\/v2\/types\/post"}],"author":[{"embeddable":true,"href":"https:\/\/biodlarn.se\/index.php?rest_route=\/wp\/v2\/users\/1"}],"replies":[{"embeddable":true,"href":"https:\/\/biodlarn.se\/index.php?rest_route=%2Fwp%2Fv2%2Fcomments&post=1777"}],"version-history":[{"count":1,"href":"https:\/\/biodlarn.se\/index.php?rest_route=\/wp\/v2\/posts\/1777\/revisions"}],"predecessor-version":[{"id":1781,"href":"https:\/\/biodlarn.se\/index.php?rest_route=\/wp\/v2\/posts\/1777\/revisions\/1781"}],"wp:attachment":[{"href":"https:\/\/biodlarn.se\/index.php?rest_route=%2Fwp%2Fv2%2Fmedia&parent=1777"}],"wp:term":[{"taxonomy":"category","embeddable":true,"href":"https:\/\/biodlarn.se\/index.php?rest_route=%2Fwp%2Fv2%2Fcategories&post=1777"},{"taxonomy":"post_tag","embeddable":true,"href":"https:\/\/biodlarn.se\/index.php?rest_route=%2Fwp%2Fv2%2Ftags&post=1777"}],"curies":[{"name":"wp","href":"https:\/\/api.w.org\/{rel}","templated":true}]}}